{"id":163,"date":"2022-04-11T08:00:00","date_gmt":"2022-04-11T11:00:00","guid":{"rendered":"https:\/\/www.mitrasestetica.com.br\/blog\/?p=163"},"modified":"2022-04-11T01:10:17","modified_gmt":"2022-04-11T04:10:17","slug":"limpeza-de-pele-na-clinica-ou-em-casa","status":"publish","type":"post","link":"https:\/\/www.mitrasestetica.com.br\/blog\/estetica-facial\/limpeza-de-pele-na-clinica-ou-em-casa\/","title":{"rendered":"Limpeza de pele na cl\u00ednica ou em casa?"},"content":{"rendered":"\n<p>Cuidar do corpo, da sa\u00fade e da beleza \u00e9 uma pr\u00e1tica muito comum dos brasileiros. O Brasil \u00e9 o quarto maior mercado de est\u00e9tica do mundo. E sem d\u00favida, a limpeza de pele \u00e9 a queridinha do nosso pa\u00eds. \u00c9 o procedimento est\u00e9tico mais simples de fazer em casa, mas voc\u00ea sabe quando deve buscar um especialista?<\/p>\n\n\n\n<p>A limpeza de pele ajuda a diminuir o excesso de oleosidade da pele, remover as c\u00e9lulas mortas e eliminar microorganismos que prejudicam a pele. \u00c9 uma excelente maneira de manter os poros desobstru\u00eddos e equilibrar o ph da pele.<\/p>\n\n\n\n<p>E os benef\u00edcios n\u00e3o param por a\u00ed, o toque aveludado e uma pele mais tonificada e nutrida, eleva a autoestima de qualquer pessoa.<\/p>\n\n\n\n<h2 class=\"has-medium-font-size wp-block-heading\"><strong>A limpeza de pele \u00e9 indicada para qualquer tipo de pele?<\/strong><\/h2>\n\n\n\n<p>Independente da sua pele ser normal, seca, oleosa ou mista a limpeza de pele est\u00e1 liberada. Como tamb\u00e9m n\u00e3o tem contra indica\u00e7\u00e3o para gestantes e lactantes. Vamos conhecer um pouco mais os benef\u00edcios em cada tipo de pele:<\/p>\n\n\n\n<p>Peles secas: a remo\u00e7\u00e3o das c\u00e9lulas mortas e a renova\u00e7\u00e3o celular auxilia a diminuir o aspecto escamoso da pele. Ap\u00f3s o procedimento, a pele absorve com mais facilidade hidratantes e cremes.<\/p>\n\n\n\n<p>Peles acneicas e oleosas: devem ser feitas com maior frequ\u00eancia, pois apresentam mais cravos e espinhas.<\/p>\n\n\n\n<p>Peles sens\u00edveis: devemos tomar cuidado com produtos que podem irritar a pele. O mais aconselh\u00e1vel \u00e9 procurar um especialista.<\/p>\n\n\n\n<h2 class=\"has-medium-font-size wp-block-heading\"><strong>Mas afinal, quando devemos procurar um especialista?<\/strong><\/h2>\n\n\n\n<p>A pele do rosto \u00e9 uma \u00e1rea delicada e muito sens\u00edvel, devemos tomar cuidado com algumas pr\u00e1ticas que podem deixar o procedimento mais arriscado. <\/p>\n\n\n\n<p>A extra\u00e7\u00e3o de comed\u00f5es, tamb\u00e9m conhecidos como cravos, devem ser feitas por um especialista, pois podem deixar manchas e marcas irrepar\u00e1veis. Peles sens\u00edveis e com espinhas  tamb\u00e9m devem passar por uma avalia\u00e7\u00e3o, j\u00e1 que alguns produtos podem irritar bastante a pele.<\/p>\n\n\n\n<h2 class=\"has-medium-font-size wp-block-heading\"><strong>Descubra o que s\u00e3o cravos e suas caracter\u00edsticas<\/strong><\/h2>\n\n\n\n<p>H\u00e1 dois tipos dessas les\u00f5es: os cravos fechados ou brancos e os abertos ou pretos. Eles surgem pelo aumento na produ\u00e7\u00e3o do sebo causando a obstru\u00e7\u00e3o dos poros.<\/p>\n\n\n\n<p><strong>Cravos brancos:<\/strong> Geralmente surgem no rosto, s\u00e3o bolinhas esbranqui\u00e7adas que surgem quando o cravo est\u00e1 cobrindo o poro da gl\u00e2ndula.<\/p>\n\n\n\n<p><strong>Cravos pretos: <\/strong>Devido a oxida\u00e7\u00e3o que ocorre com os ac\u00famulos de queratina, sebo e c\u00e9lulas dentro de um poro aberto ao contato com ar e a sujeira do dia a dia.<\/p>\n\n\n\n<p>Al\u00e9m da indica\u00e7\u00e3o da limpeza de pele com especialista, os comed\u00f5es podem ser tratados com sabonetes e filtros solares seborreguladores.<\/p>\n\n\n\n<h2 class=\"has-medium-font-size wp-block-heading\"><strong>Qual a frequ\u00eancia que devemos fazer a limpeza de pele?<\/strong><\/h2>\n\n\n\n<p>Depende muito da necessidade de cada pele. A indica\u00e7\u00e3o \u00e9 de 30 a 40 dias para a maioria das pessoas. Em casos de acne com muitos cravos, o especialista pode indicar duas vezes por m\u00eas e ap\u00f3s esse per\u00edodo uma sess\u00e3o para manuten\u00e7\u00e3o.<\/p>\n\n\n\n<h2 class=\"has-medium-font-size wp-block-heading\"><strong>J\u00e1 sabe onde fazer a sua limpeza de pele?<\/strong><\/h2>\n\n\n\n<p>Para quem busca<a href=\"https:\/\/www.mitrasestetica.com.br\/limpeza-de-pele.php\" target=\"_blank\" rel=\"noreferrer noopener\"> limpeza de pele em S\u00e3o Paulo<\/a>, a Mitras Est\u00e9tica conta com duas unidades: uma na zona sul, no bairro da Vila Mariana e outra na zona leste, no bairro do Tatuap\u00e9. Entre em contato e fa\u00e7a sua avalia\u00e7\u00e3o.<\/p>\n","protected":false},"excerpt":{"rendered":"<p>Cuidar do corpo, da sa\u00fade e da beleza \u00e9 uma pr\u00e1tica muito comum dos brasileiros. O Brasil \u00e9 o quarto maior mercado de est\u00e9tica do mundo. E sem d\u00favida, a limpeza de pele \u00e9 a queridinha do nosso pa\u00eds. \u00c9 o procedimento est\u00e9tico mais simples de fazer em casa, mas voc\u00ea sabe quando deve buscar [&hellip;]<\/p>\n","protected":false},"author":2,"featured_media":164,"comment_status":"closed","ping_status":"","sticky":false,"template":"","format":"standard","meta":{"footnotes":""},"categories":[4,3],"tags":[],"class_list":["post-163","post","type-post","status-publish","format-standard","has-post-thumbnail","hentry","category-beleza","category-estetica-facial"],"_links":{"self":[{"href":"https:\/\/www.mitrasestetica.com.br\/blog\/wp-json\/wp\/v2\/posts\/163","targetHints":{"allow":["GET"]}}],"collection":[{"href":"https:\/\/www.mitrasestetica.com.br\/blog\/wp-json\/wp\/v2\/posts"}],"about":[{"href":"https:\/\/www.mitrasestetica.com.br\/blog\/wp-json\/wp\/v2\/types\/post"}],"author":[{"embeddable":true,"href":"https:\/\/www.mitrasestetica.com.br\/blog\/wp-json\/wp\/v2\/users\/2"}],"replies":[{"embeddable":true,"href":"https:\/\/www.mitrasestetica.com.br\/blog\/wp-json\/wp\/v2\/comments?post=163"}],"version-history":[{"count":1,"href":"https:\/\/www.mitrasestetica.com.br\/blog\/wp-json\/wp\/v2\/posts\/163\/revisions"}],"predecessor-version":[{"id":165,"href":"https:\/\/www.mitrasestetica.com.br\/blog\/wp-json\/wp\/v2\/posts\/163\/revisions\/165"}],"wp:featuredmedia":[{"embeddable":true,"href":"https:\/\/www.mitrasestetica.com.br\/blog\/wp-json\/wp\/v2\/media\/164"}],"wp:attachment":[{"href":"https:\/\/www.mitrasestetica.com.br\/blog\/wp-json\/wp\/v2\/media?parent=163"}],"wp:term":[{"taxonomy":"category","embeddable":true,"href":"https:\/\/www.mitrasestetica.com.br\/blog\/wp-json\/wp\/v2\/categories?post=163"},{"taxonomy":"post_tag","embeddable":true,"href":"https:\/\/www.mitrasestetica.com.br\/blog\/wp-json\/wp\/v2\/tags?post=163"}],"curies":[{"name":"wp","href":"https:\/\/api.w.org\/{rel}","templated":true}]}}