{"id":209,"date":"2022-10-25T21:45:54","date_gmt":"2022-10-26T00:45:54","guid":{"rendered":"https:\/\/www.mitrasestetica.com.br\/blog\/?p=209"},"modified":"2023-06-02T11:22:36","modified_gmt":"2023-06-02T14:22:36","slug":"conheca-os-melhores-tratamentos-para-amenizar-o-bigode-chines","status":"publish","type":"post","link":"https:\/\/www.mitrasestetica.com.br\/blog\/estetica-facial\/conheca-os-melhores-tratamentos-para-amenizar-o-bigode-chines\/","title":{"rendered":"Conhe\u00e7a os melhores tratamentos para amenizar o bigode chin\u00eas"},"content":{"rendered":"\n<p>O bigode chin\u00eas que todo mundo conhece, na verdade, \u00e9 aquele sulco que surge na boca e no nariz. Geralmente, \u00e9 o primeiro sinal de envelhecimento facial que as pessoas percebem, pois o col\u00e1geno das bochechas se desgasta e a gordura da face diminui.<\/p>\n\n\n\n<p>Desta forma, alguns sulcos acabam sendo bem profundos e evidentes. Entretanto, com o avan\u00e7ar da medicina est\u00e9tica, diversos tratamentos para a ameniza\u00e7\u00e3o desta \u00e1rea acabam surgindo.<\/p>\n\n\n\n<h2 class=\"wp-block-heading has-medium-font-size\"><strong>Quais os principais tratamentos existentes no mercado?<\/strong><\/h2>\n\n\n\n<p>Uma rotina de cuidados com a pele da face, atrav\u00e9s da manuten\u00e7\u00e3o de bons h\u00e1bitos j\u00e1 acaba sendo de grande valia para a sa\u00fade da derme. Entretanto, um dos procedimentos mais interessantes para aqueles que se incomodam com o famigerado bigode chin\u00eas, vem a ser o <a href=\"https:\/\/www.mitrasestetica.com.br\/tratamento-preenchimento-facial-bigode-chines.php\" data-type=\"URL\" data-id=\"https:\/\/www.mitrasestetica.com.br\/tratamento-preenchimento-facial-bigode-chines.php\">preenchimento facial<\/a>. Atrav\u00e9s de uma aplica\u00e7\u00e3o de \u00e1cido hialur\u00f4nico em cada um dos respectivos vincos do bigode chin\u00eas, \u00e9 poss\u00edvel observar o processo de ameniza\u00e7\u00e3o desta \u00e1rea. Deste modo, ocorre a suaviza\u00e7\u00e3o da ruga e a devolu\u00e7\u00e3o do volume que foi perdido. Outros tratamentos, podem ser realizados em conjunto para combater as rugas faciais como: <a href=\"https:\/\/www.mitrasestetica.com.br\/fios-de-sustentacao.php\" data-type=\"URL\" data-id=\"https:\/\/www.mitrasestetica.com.br\/fios-de-sustentacao.php\">fios de sustenta\u00e7\u00e3o facial<\/a>, <a href=\"https:\/\/www.mitrasestetica.com.br\/carboxiterapia-facial.php\" data-type=\"URL\" data-id=\"https:\/\/www.mitrasestetica.com.br\/carboxiterapia-facial.php\">carboxiterapia<\/a>, mesoterapia facial, lipliffting e full face. Cada uma das respectivas t\u00e9cnicas, precisam ser realizadas por um profissional habilitado.<\/p>\n\n\n\n<h2 class=\"wp-block-heading has-medium-font-size\"><strong>Qual a durabilidade do procedimento est\u00e9tico?<\/strong><\/h2>\n\n\n\n<p>\u00c9 importante deixar claro, que este n\u00e3o \u00e9 considerado um procedimento definitivo, sendo importante realizar de tempos em tempos o seu processo de manuten\u00e7\u00e3o. Entretanto, a sua durabilidade acaba sendo interessante, podendo chegar at\u00e9 mesmo a um ano e meio ap\u00f3s a primeira aplica\u00e7\u00e3o.<\/p>\n\n\n\n<h2 class=\"wp-block-heading has-medium-font-size\"><strong>Existe algum tipo de contraindica\u00e7\u00e3o?<\/strong><\/h2>\n\n\n\n<p>Os preenchedores faciais, est\u00e3o associados a diversos benef\u00edcios, entretanto, se torna importante evit\u00e1-los em caso de gravidez, amamenta\u00e7\u00e3o, alergia a algum tipo de produto, infec\u00e7\u00e3o ou inflama\u00e7\u00e3o do local que ser\u00e1 aplicado e algum tipo de doen\u00e7a autoimune.<\/p>\n\n\n\n<h2 class=\"wp-block-heading has-medium-font-size\"><strong>Principais cuidados com a regi\u00e3o do bigode chin\u00eas?<\/strong><\/h2>\n\n\n\n<p>O mercado de dermocosm\u00e9ticos, possui uma infinidade de marcas que oferecem linhas exclusivas para cuidados com esta \u00e1rea do rosto. Deste modo, \u00e9 importante salientar que a utiliza\u00e7\u00e3o de cremes e s\u00e9runs que possuem na sua composi\u00e7\u00e3o \u00e1cido f\u00f3lico, vitamina C e \u00e1cido hialur\u00f4nico, se transformam em importantes aliados para combater ou amenizar estas respectivas rugas faciais. Al\u00e9m de uma alimenta\u00e7\u00e3o saud\u00e1vel, consumo de cotas di\u00e1rias de \u00e1gua e utiliza\u00e7\u00e3o de prote\u00e7\u00e3o solar.<\/p>\n\n\n\n<h2 class=\"wp-block-heading has-medium-font-size\"><strong>Onde \u00e9 poss\u00edvel realizar o procedimento?<\/strong><\/h2>\n\n\n\n<p>Por ser considerado um procedimento menos evasivo, n\u00e3o ocorre a necessidade interna\u00e7\u00e3o. A Mitras Est\u00e9tica possue profissionais extremamente capacitados para a realiza\u00e7\u00e3o dos respectivos procedimentos. Inicialmente, o cliente dever\u00e1 passar por um processo de avalia\u00e7\u00e3o inicial, averiguando qual seria o melhor procedimento a ser realizado na respectiva localidade. Posteriormente, o agendamento para a realiza\u00e7\u00e3o do procedimento ser\u00e1 realizado.<\/p>\n\n\n\n<h2 class=\"wp-block-heading has-medium-font-size\"><strong>Quais os cuidados devem ser realizados ap\u00f3s a realiza\u00e7\u00e3o do procedimento?<\/strong><\/h2>\n\n\n\n<p>Como dito anteriormente, este procedimento n\u00e3o \u00e9 considerado t\u00e3o evasivo, deste modo, o paciente pode retornar de maneira imediata para as suas atividades e atribui\u00e7\u00f5es. Entretanto, caso ocorra a forma\u00e7\u00e3o de algum tipo de hematoma, o profissional que realizar\u00e1 a aplica\u00e7\u00e3o, recomendar\u00e1 &nbsp;pomadas de uso dermatol\u00f3gico para utiliza\u00e7\u00e3o.<\/p>\n","protected":false},"excerpt":{"rendered":"<p>O bigode chin\u00eas que todo mundo conhece, na verdade, \u00e9 aquele sulco que surge na boca e no nariz. Geralmente, \u00e9 o primeiro sinal de envelhecimento facial que as pessoas percebem, pois o col\u00e1geno das bochechas se desgasta e a gordura da face diminui. Desta forma, alguns sulcos acabam sendo bem profundos e evidentes. Entretanto, [&hellip;]<\/p>\n","protected":false},"author":2,"featured_media":210,"comment_status":"closed","ping_status":"","sticky":false,"template":"","format":"standard","meta":{"footnotes":""},"categories":[4,3],"tags":[18,17],"class_list":["post-209","post","type-post","status-publish","format-standard","has-post-thumbnail","hentry","category-beleza","category-estetica-facial","tag-bigode-chines","tag-preenchimento-facial-2"],"_links":{"self":[{"href":"https:\/\/www.mitrasestetica.com.br\/blog\/wp-json\/wp\/v2\/posts\/209","targetHints":{"allow":["GET"]}}],"collection":[{"href":"https:\/\/www.mitrasestetica.com.br\/blog\/wp-json\/wp\/v2\/posts"}],"about":[{"href":"https:\/\/www.mitrasestetica.com.br\/blog\/wp-json\/wp\/v2\/types\/post"}],"author":[{"embeddable":true,"href":"https:\/\/www.mitrasestetica.com.br\/blog\/wp-json\/wp\/v2\/users\/2"}],"replies":[{"embeddable":true,"href":"https:\/\/www.mitrasestetica.com.br\/blog\/wp-json\/wp\/v2\/comments?post=209"}],"version-history":[{"count":4,"href":"https:\/\/www.mitrasestetica.com.br\/blog\/wp-json\/wp\/v2\/posts\/209\/revisions"}],"predecessor-version":[{"id":322,"href":"https:\/\/www.mitrasestetica.com.br\/blog\/wp-json\/wp\/v2\/posts\/209\/revisions\/322"}],"wp:featuredmedia":[{"embeddable":true,"href":"https:\/\/www.mitrasestetica.com.br\/blog\/wp-json\/wp\/v2\/media\/210"}],"wp:attachment":[{"href":"https:\/\/www.mitrasestetica.com.br\/blog\/wp-json\/wp\/v2\/media?parent=209"}],"wp:term":[{"taxonomy":"category","embeddable":true,"href":"https:\/\/www.mitrasestetica.com.br\/blog\/wp-json\/wp\/v2\/categories?post=209"},{"taxonomy":"post_tag","embeddable":true,"href":"https:\/\/www.mitrasestetica.com.br\/blog\/wp-json\/wp\/v2\/tags?post=209"}],"curies":[{"name":"wp","href":"https:\/\/api.w.org\/{rel}","templated":true}]}}