{"id":290,"date":"2023-03-06T07:00:00","date_gmt":"2023-03-06T10:00:00","guid":{"rendered":"https:\/\/www.mitrasestetica.com.br\/blog\/?p=290"},"modified":"2023-06-02T11:22:11","modified_gmt":"2023-06-02T14:22:11","slug":"rugas-ou-marcas-de-expressao-qual-a-diferenca","status":"publish","type":"post","link":"https:\/\/www.mitrasestetica.com.br\/blog\/estetica-facial\/rugas-ou-marcas-de-expressao-qual-a-diferenca\/","title":{"rendered":"Rugas ou marcas de express\u00e3o: qual a diferen\u00e7a?"},"content":{"rendered":"\n<p>As rugas s\u00e3o uma parte inevit\u00e1vel do envelhecimento. A pele fica mais fina, mais seca e menos el\u00e1stica. As marcas de express\u00e3o s\u00e3o o resultado de anos de movimento facial. Quando os m\u00fasculos se contraem, as fibras da pele se esticam e, eventualmente, se rompem. Isso deixa marcas que podem se tornar rugas permanentes. A apar\u00eancia das rugas e das marcas de express\u00e3o pode afetar significativamente a autoestima de uma pessoa. Mas qual \u00e9 a diferen\u00e7a entre rugas e marcas de express\u00e3o?<\/p>\n\n\n\n<h2 class=\"wp-block-heading has-medium-font-size\"><strong>O que s\u00e3o rugas?<\/strong><\/h2>\n\n\n\n<p>A apar\u00eancia das rugas e das marcas de express\u00e3o pode afetar significativamente a autoestima de uma pessoa.<\/p>\n\n\n\n<h2 class=\"wp-block-heading has-medium-font-size\"><strong>Causas das Rugas<\/strong><\/h2>\n\n\n\n<p>As rugas s\u00e3o o resultado do tempo, da gen\u00e9tica e dos h\u00e1bitos de vida. Com o tempo, a pele come\u00e7a a perder sua elasticidade e a criar rugas. Quanto mais tempo passa, mais profundas e n\u00edtidas as rugas se tornam. Al\u00e9m disso, a gen\u00e9tica tamb\u00e9m desempenha um papel importante na forma como a pele envelhece. Por fim, alguns h\u00e1bitos de vida, como fumar, passar muitas horas ao sol e usar \u00e1lcool, tamb\u00e9m podem contribuir para o surgimento das rugas.<\/p>\n\n\n\n<h2 class=\"wp-block-heading has-medium-font-size\"><strong>Tratamento das Rugas<\/strong><\/h2>\n\n\n\n<p>As rugas s\u00e3o dif\u00edceis de tratar, mas algumas pessoas recorrem a m\u00e9todos est\u00e9ticos como o preenchimento de \u00e1cido hialur\u00f4nico ou o uso de laser para melhorar a apar\u00eancia das linhas finas e profundas.<\/p>\n\n\n\n<h2 class=\"wp-block-heading has-medium-font-size\"><strong>O Que S\u00e3o Marcas de Express\u00e3o?<\/strong><\/h2>\n\n\n\n<p>As marcas de express\u00e3o s\u00e3o causadas pela contra\u00e7\u00e3o dos m\u00fasculos faciais. Quanto mais se usa um determinado m\u00fasculo, mais profundas as marcas de express\u00e3o se tornam. No entanto, elas geralmente s\u00e3o mais leves e menos profundas que as rugas.<\/p>\n\n\n\n<h2 class=\"wp-block-heading has-medium-font-size\"><strong>Tratamento das Marcas de Express\u00e3o<\/strong><\/h2>\n\n\n\n<p>As marcas de express\u00e3o geralmente s\u00e3o tratadas com uma subst\u00e2ncia, que relaxa os m\u00fasculos, reduzindo a apar\u00eancia das linhas. O tratamento com essa subst\u00e2ncia  \u00e9 muito seguro e, se usado adequadamente, pode resultar em uma apar\u00eancia mais jovem.<\/p>\n\n\n\n<h2 class=\"wp-block-heading has-medium-font-size\"><strong>Preven\u00e7\u00e3o e tratamento de rugas e marcas de express\u00e3o<\/strong><\/h2>\n\n\n\n<p>A preven\u00e7\u00e3o da rugas e das marcas de express\u00e3o deve incluir tanto cuidados di\u00e1rios com a pele, como usar cosm\u00e9ticos adequados, assim como <a href=\"https:\/\/www.mitrasestetica.com.br\/preenchimento-facial.php\">tratamentos especializados<\/a>.<\/p>\n\n\n\n<h2 class=\"wp-block-heading has-medium-font-size\"><strong>Qual a diferen\u00e7a entre rugas e marcas de express\u00e3o?<\/strong><\/h2>\n\n\n\n<p>As rugas e as marcas de express\u00e3o s\u00e3o sinais de envelhecimento e, embora pare\u00e7am semelhantes, existem algumas diferen\u00e7as importantes entre eles. As rugas s\u00e3o o resultado do tempo, da gen\u00e9tica e dos h\u00e1bitos de vida. Por outro lado, as marcas de express\u00e3o s\u00e3o o resultado da contra\u00e7\u00e3o dos m\u00fasculos faciais.<\/p>\n\n\n\n<p>Existem diferentes tratamentos dispon\u00edveis para cada um deles. O <a href=\"https:\/\/www.mitrasestetica.com.br\/preenchimento-facial.php\" data-type=\"URL\" data-id=\"https:\/\/www.mitrasestetica.com.br\/preenchimento-facial.php\">tratamento das rugas<\/a> geralmente inclui <a href=\"https:\/\/www.mitrasestetica.com.br\/preenchimento-facial.php\" data-type=\"URL\" data-id=\"https:\/\/www.mitrasestetica.com.br\/preenchimento-facial.php\">preenchimento de \u00e1cido hialur\u00f4nico<\/a> e laser. Se voc\u00ea est\u00e1 pensando em tratar as rugas ou marcas de express\u00e3o, entre em contato com a <a href=\"https:\/\/www.mitrasestetica.com.br\/\" data-type=\"URL\" data-id=\"https:\/\/www.mitrasestetica.com.br\/\">Mitras Est\u00e9tica<\/a> para saber qual o procedimento mais indicado para o seu caso. Estamos localizado em S\u00e3o Paulo, pr\u00f3ximo a esta\u00e7\u00e3o Ana Rosa do metr\u00f4. S\u00e3o mais de 10 anos de experi\u00eancia com est\u00e9tica corporal e facial.<\/p>\n","protected":false},"excerpt":{"rendered":"<p>As rugas s\u00e3o uma parte inevit\u00e1vel do envelhecimento. A pele fica mais fina, mais seca e menos el\u00e1stica. As marcas de express\u00e3o s\u00e3o o resultado de anos de movimento facial. Quando os m\u00fasculos se contraem, as fibras da pele se esticam e, eventualmente, se rompem. Isso deixa marcas que podem se tornar rugas permanentes. A [&hellip;]<\/p>\n","protected":false},"author":2,"featured_media":291,"comment_status":"closed","ping_status":"closed","sticky":false,"template":"","format":"standard","meta":{"footnotes":""},"categories":[3],"tags":[],"class_list":["post-290","post","type-post","status-publish","format-standard","has-post-thumbnail","hentry","category-estetica-facial"],"_links":{"self":[{"href":"https:\/\/www.mitrasestetica.com.br\/blog\/wp-json\/wp\/v2\/posts\/290","targetHints":{"allow":["GET"]}}],"collection":[{"href":"https:\/\/www.mitrasestetica.com.br\/blog\/wp-json\/wp\/v2\/posts"}],"about":[{"href":"https:\/\/www.mitrasestetica.com.br\/blog\/wp-json\/wp\/v2\/types\/post"}],"author":[{"embeddable":true,"href":"https:\/\/www.mitrasestetica.com.br\/blog\/wp-json\/wp\/v2\/users\/2"}],"replies":[{"embeddable":true,"href":"https:\/\/www.mitrasestetica.com.br\/blog\/wp-json\/wp\/v2\/comments?post=290"}],"version-history":[{"count":3,"href":"https:\/\/www.mitrasestetica.com.br\/blog\/wp-json\/wp\/v2\/posts\/290\/revisions"}],"predecessor-version":[{"id":321,"href":"https:\/\/www.mitrasestetica.com.br\/blog\/wp-json\/wp\/v2\/posts\/290\/revisions\/321"}],"wp:featuredmedia":[{"embeddable":true,"href":"https:\/\/www.mitrasestetica.com.br\/blog\/wp-json\/wp\/v2\/media\/291"}],"wp:attachment":[{"href":"https:\/\/www.mitrasestetica.com.br\/blog\/wp-json\/wp\/v2\/media?parent=290"}],"wp:term":[{"taxonomy":"category","embeddable":true,"href":"https:\/\/www.mitrasestetica.com.br\/blog\/wp-json\/wp\/v2\/categories?post=290"},{"taxonomy":"post_tag","embeddable":true,"href":"https:\/\/www.mitrasestetica.com.br\/blog\/wp-json\/wp\/v2\/tags?post=290"}],"curies":[{"name":"wp","href":"https:\/\/api.w.org\/{rel}","templated":true}]}}