{"id":296,"date":"2023-03-20T21:29:03","date_gmt":"2023-03-21T00:29:03","guid":{"rendered":"https:\/\/www.mitrasestetica.com.br\/blog\/?p=296"},"modified":"2023-02-26T21:33:06","modified_gmt":"2023-02-27T00:33:06","slug":"tudo-o-que-voce-precisa-saber-sobre-a-pele-seca-mitos-e-verdades","status":"publish","type":"post","link":"https:\/\/www.mitrasestetica.com.br\/blog\/bem-estar\/tudo-o-que-voce-precisa-saber-sobre-a-pele-seca-mitos-e-verdades\/","title":{"rendered":"Tudo o que voc\u00ea precisa saber sobre a pele seca: mitos e verdades"},"content":{"rendered":"\n<p>Todos n\u00f3s j\u00e1 passamos por um momento em que nosso corpo precisou lidar com a pele seca. Uma vez que a pele seca \u00e9 um problema comum, muitas pessoas que a experimentaram tamb\u00e9m se perguntam: o que devo fazer? H\u00e1 f\u00f3rmulas m\u00e1gicas ou solu\u00e7\u00f5es definitivas para a pele seca? Se isso pode ser um problema desafiador, vamos desmistificar os mitos sobre a pele seca para que voc\u00ea possa cuidar de sua pele de maneira ideal.<\/p>\n\n\n\n<h2 class=\"has-medium-font-size wp-block-heading\"><strong>O que causa a pele seca?<\/strong><\/h2>\n\n\n\n<p>A pele seca \u00e9 uma condi\u00e7\u00e3o caracterizada por uma quantidade insuficiente de \u00e1gua na camada superficial da pele, tamb\u00e9m conhecida como camada c\u00f3rnea. Essa condi\u00e7\u00e3o faz com que o tecido da pele fique\u00e1spero e desconfort\u00e1vel.<\/p>\n\n\n\n<p>Existem v\u00e1rios fatores que desencadeiam ou agravam a pele seca. Entre eles, destacam-se: clima seco, banhos muito quentes, produtos de limpeza \u00e1cidos, exposi\u00e7\u00e3o excessiva ao sol, uso de equipamentos de piscina e sauna e tabagismo.<\/p>\n\n\n\n<h2 class=\"has-medium-font-size wp-block-heading\"><strong>Como prevenir a pele seca?<\/strong><\/h2>\n\n\n\n<p>Existem alguns tratamentos que podem ajudar a aliviar os sintomas da pele seca. Uma boa op\u00e7\u00e3o \u00e9 aderir a banhos curtos em \u00e1gua morna, com o uso de sabonetes suaves e hidratantes, que n\u00e3o irritam a pele. Aplicar \u00f3leos vegetais ou cremes hidratantes logo ap\u00f3s o banho tamb\u00e9m ajuda a manter a umidade na pele. No inverno, pode ser \u00fatil usar luvas para proteger as m\u00e3os dos ventos frios. Al\u00e9m disso, \u00e9 aconselh\u00e1vel evitar a exposi\u00e7\u00e3o excessiva ao sol, bem como produtos de limpeza com fragr\u00e2ncia e \u00e1lcool, que podem secar ainda mais a pele.<\/p>\n\n\n\n<h2 class=\"has-medium-font-size wp-block-heading\"><strong>Mitos sobre a pele seca<\/strong><\/h2>\n\n\n\n<p>Existem alguns mitos comuns sobre a pele seca que precisam ser desmascarados. Por exemplo, muitas pessoas acham que usar \u00f3leos e outros produtos no rosto \u00e9 prejudicial, mas na verdade n\u00e3o \u00e9. O uso de \u00f3leos n\u00e3o provoca acne, mas de fato ajuda a selar a umidade na pele e mant\u00ea-la saud\u00e1vel. Outro mito \u00e9 que usar \u00e1gua quente ajuda a curar a pele seca. Ao contr\u00e1rio, a \u00e1gua quente pode desidratar a pele ainda mais, aumentando os sintomas. Se poss\u00edvel, sempre limpe a pele com \u00e1gua morna.<\/p>\n\n\n\n<h2 class=\"has-medium-font-size wp-block-heading\"><strong>Cuide da sua pele<\/strong><\/h2>\n\n\n\n<p>Agora que voc\u00ea conhece os mitos e verdades sobre a pele seca, est\u00e1 melhor preparado cuidar bem da sua pele. Veja outras dicas e mat\u00e9rias do blog para manter sempre uma pele saud\u00e1vel.<\/p>\n","protected":false},"excerpt":{"rendered":"<p>Todos n\u00f3s j\u00e1 passamos por um momento em que nosso corpo precisou lidar com a pele seca. Uma vez que a pele seca \u00e9 um problema comum, muitas pessoas que a experimentaram tamb\u00e9m se perguntam: o que devo fazer? H\u00e1 f\u00f3rmulas m\u00e1gicas ou solu\u00e7\u00f5es definitivas para a pele seca? Se isso pode ser um problema [&hellip;]<\/p>\n","protected":false},"author":2,"featured_media":297,"comment_status":"closed","ping_status":"","sticky":false,"template":"","format":"standard","meta":{"footnotes":""},"categories":[5],"tags":[],"class_list":["post-296","post","type-post","status-publish","format-standard","has-post-thumbnail","hentry","category-bem-estar"],"_links":{"self":[{"href":"https:\/\/www.mitrasestetica.com.br\/blog\/wp-json\/wp\/v2\/posts\/296","targetHints":{"allow":["GET"]}}],"collection":[{"href":"https:\/\/www.mitrasestetica.com.br\/blog\/wp-json\/wp\/v2\/posts"}],"about":[{"href":"https:\/\/www.mitrasestetica.com.br\/blog\/wp-json\/wp\/v2\/types\/post"}],"author":[{"embeddable":true,"href":"https:\/\/www.mitrasestetica.com.br\/blog\/wp-json\/wp\/v2\/users\/2"}],"replies":[{"embeddable":true,"href":"https:\/\/www.mitrasestetica.com.br\/blog\/wp-json\/wp\/v2\/comments?post=296"}],"version-history":[{"count":1,"href":"https:\/\/www.mitrasestetica.com.br\/blog\/wp-json\/wp\/v2\/posts\/296\/revisions"}],"predecessor-version":[{"id":298,"href":"https:\/\/www.mitrasestetica.com.br\/blog\/wp-json\/wp\/v2\/posts\/296\/revisions\/298"}],"wp:featuredmedia":[{"embeddable":true,"href":"https:\/\/www.mitrasestetica.com.br\/blog\/wp-json\/wp\/v2\/media\/297"}],"wp:attachment":[{"href":"https:\/\/www.mitrasestetica.com.br\/blog\/wp-json\/wp\/v2\/media?parent=296"}],"wp:term":[{"taxonomy":"category","embeddable":true,"href":"https:\/\/www.mitrasestetica.com.br\/blog\/wp-json\/wp\/v2\/categories?post=296"},{"taxonomy":"post_tag","embeddable":true,"href":"https:\/\/www.mitrasestetica.com.br\/blog\/wp-json\/wp\/v2\/tags?post=296"}],"curies":[{"name":"wp","href":"https:\/\/api.w.org\/{rel}","templated":true}]}}